{"id":2222,"date":"2025-06-27T12:54:37","date_gmt":"2025-06-27T10:54:37","guid":{"rendered":"https:\/\/galdakaokoalbistegia.es\/?p=2222"},"modified":"2025-07-24T23:52:48","modified_gmt":"2025-07-24T21:52:48","slug":"de-interes-publico","status":"publish","type":"post","link":"https:\/\/galdakaokoalbistegia.es\/index.php\/2025\/06\/27\/de-interes-publico\/","title":{"rendered":"DE INTERES P\u00daBLICO"},"content":{"rendered":"\t\t<div data-elementor-type=\"wp-post\" data-elementor-id=\"2222\" class=\"elementor elementor-2222\" data-elementor-post-type=\"post\">\n\t\t\t\t<div class=\"elementor-element elementor-element-d6a5919 e-flex e-con-boxed e-con e-parent\" data-id=\"d6a5919\" data-element_type=\"container\" data-e-type=\"container\">\n\t\t\t\t\t<div class=\"e-con-inner\">\n\t\t\t\t<div class=\"elementor-element elementor-element-b8dcd65 elementor-widget elementor-widget-spacer\" data-id=\"b8dcd65\" data-element_type=\"widget\" data-e-type=\"widget\" data-widget_type=\"spacer.default\">\n\t\t\t\t<div class=\"elementor-widget-container\">\n\t\t\t\t\t\t\t<div class=\"elementor-spacer\">\n\t\t\t<div class=\"elementor-spacer-inner\"><\/div>\n\t\t<\/div>\n\t\t\t\t\t\t<\/div>\n\t\t\t\t<\/div>\n\t\t\t\t\t<\/div>\n\t\t\t\t<\/div>\n\t\t<div class=\"elementor-element elementor-element-70e5003 e-flex e-con-boxed e-con e-parent\" data-id=\"70e5003\" data-element_type=\"container\" data-e-type=\"container\">\n\t\t\t\t\t<div class=\"e-con-inner\">\n\t\t\t\t<div class=\"elementor-element elementor-element-bcaee0e elementor-widget elementor-widget-text-editor\" data-id=\"bcaee0e\" data-element_type=\"widget\" data-e-type=\"widget\" data-widget_type=\"text-editor.default\">\n\t\t\t\t<div class=\"elementor-widget-container\">\n\t\t\t\t\t\t\t\t\t<p>Galdakaoko Albistegia y concretamente yo que soy su presidente llevamos un tiempo sufriendo el acoso de Aritz Apraiz y sus palmeros, en privado, por la emisora Mozoilo Irratia, miradio.eus en la 97.5 de la FM en Bizkaia, en redes sociales y en el \u00e1mbito social de nuestro pueblo, justo desde que decidimos crear una nueva emisora de radio para dar voz a los artistas del pueblo.<\/p><p>He estado callando todo este tiempo por no crear mal ambiente en el municipio, pero esta situaci\u00f3n ya es insostenible, cuanto mejor nos va a nosotros m\u00e1s duras son sus palabras hacia mi persona y esta asociaci\u00f3n, y m\u00e1s graves son los bulos que difunde por el pueblo con el fin de que los vecinos me hagan Bullying social.<\/p><p>Harto de esta situaci\u00f3n he decidido, en primera persona, publicar toda la informaci\u00f3n que tengo de las artima\u00f1as de este individuo y sus compa\u00f1eros, y que cada uno saque sus propias conclusiones.<\/p><p>Quiero se\u00f1alar que estos art\u00edcul<em>os <\/em>se publican para defendernos de sus ataques injustificados. Jam\u00e1s he tenido una palabra sobre este se\u00f1or o esta emisora de radio, nunca he publicado nada que tenga que ver con ellos y sin embargo el se\u00f1or Aritz Apraiz parece tener un problema personal conmigo.<\/p><p>He sido muy respetuoso, incluso se les invito a participar en el primer proyecto que presentamos al ayuntamiento porque nos parec\u00eda l\u00f3gico que ten\u00edamos que estar todos y todas apoyando un proyecto del que todos y todas se podr\u00edan beneficiar para sus actividades. Jam\u00e1s tuvimos respuesta.<\/p><p>Ahora mi paciencia se ha agotado y todo el mundo sabr\u00e1 como es en realidad el se\u00f1or Aritz Apraiz.<\/p><p>Soy consciente de que habr\u00e1 quien conoci\u00e9ndole le seguir\u00e1 apoyando, pero ya no habr\u00e1 caretas, todo el mundo sabr\u00e1 a qu\u00e9 clase de personas se est\u00e1 apoyando.<\/p><p>Ir\u00e9 publicando puntualmente art\u00edculos donde sacar\u00e9 a la luz capturas de pantalla, videos y audios que obran en mi poder y demostrar\u00e1n sin lugar a dudas el acoso al que nos est\u00e1 sometiendo el se\u00f1or Aritz Apraiz desde que comenzamos con nuestro proyecto.<\/p><p>Mozoilo Irratia es un medio que recibe subvenciones o ayudas del ayuntamiento de Galdakao, de la Universidad del Pa\u00eds Vasco (UPV), Bilbao BBK Live, SSIFF, entre otros, seg\u00fan su p\u00e1gina web.<\/p><p>Dudo mucho que a estas marcas les guste patrocinar los comportamientos que vamos a publicar.<\/p><p>Es fundamental que los ciudadanos conozcan la verdad detr\u00e1s de este asunto, especialmente cuando hay fondos p\u00fablicos implicados en su funcionamiento.<\/p><p>La actitud del se\u00f1or Aritz Apraiz no solo es de desprecio total hacia la verdad de las cosas, sino que tambi\u00e9n es una falta absoluta de respeto hacia sus propios compa\u00f1eros de emisora y de profesi\u00f3n.<\/p><p>La transparencia es clave para mantener la confianza en los medios de comunicaci\u00f3n y en quienes los respaldan.<\/p>\t\t\t\t\t\t\t\t<\/div>\n\t\t\t\t<\/div>\n\t\t\t\t\t<\/div>\n\t\t\t\t<\/div>\n\t\t\t\t<\/div>\n\t\t","protected":false},"excerpt":{"rendered":"<p>Galdakaoko Albistegia y concretamente yo que soy su presidente llevamos un tiempo sufriendo el acoso de Aritz Apraiz y sus [&hellip;]<\/p>\n","protected":false},"author":2,"featured_media":2366,"comment_status":"open","ping_status":"open","sticky":false,"template":"","format":"standard","meta":{"_monsterinsights_skip_tracking":false,"_monsterinsights_sitenote_active":false,"_monsterinsights_sitenote_note":"","_monsterinsights_sitenote_category":0,"site-sidebar-layout":"default","site-content-layout":"","ast-site-content-layout":"default","site-content-style":"default","site-sidebar-style":"default","ast-global-header-display":"","ast-banner-title-visibility":"","ast-main-header-display":"","ast-hfb-above-header-display":"","ast-hfb-below-header-display":"","ast-hfb-mobile-header-display":"","site-post-title":"","ast-breadcrumbs-content":"","ast-featured-img":"","footer-sml-layout":"","ast-disable-related-posts":"","theme-transparent-header-meta":"","adv-header-id-meta":"","stick-header-meta":"","header-above-stick-meta":"","header-main-stick-meta":"","header-below-stick-meta":"","astra-migrate-meta-layouts":"default","ast-page-background-enabled":"default","ast-page-background-meta":{"desktop":{"background-color":"var(--ast-global-color-4)","background-image":"","background-repeat":"repeat","background-position":"center center","background-size":"auto","background-attachment":"scroll","background-type":"","background-media":"","overlay-type":"","overlay-color":"","overlay-opacity":"","overlay-gradient":""},"tablet":{"background-color":"","background-image":"","background-repeat":"repeat","background-position":"center center","background-size":"auto","background-attachment":"scroll","background-type":"","background-media":"","overlay-type":"","overlay-color":"","overlay-opacity":"","overlay-gradient":""},"mobile":{"background-color":"","background-image":"","background-repeat":"repeat","background-position":"center center","background-size":"auto","background-attachment":"scroll","background-type":"","background-media":"","overlay-type":"","overlay-color":"","overlay-opacity":"","overlay-gradient":""}},"ast-content-background-meta":{"desktop":{"background-color":"var(--ast-global-color-5)","background-image":"","background-repeat":"repeat","background-position":"center center","background-size":"auto","background-attachment":"scroll","background-type":"","background-media":"","overlay-type":"","overlay-color":"","overlay-opacity":"","overlay-gradient":""},"tablet":{"background-color":"var(--ast-global-color-5)","background-image":"","background-repeat":"repeat","background-position":"center center","background-size":"auto","background-attachment":"scroll","background-type":"","background-media":"","overlay-type":"","overlay-color":"","overlay-opacity":"","overlay-gradient":""},"mobile":{"background-color":"var(--ast-global-color-5)","background-image":"","background-repeat":"repeat","background-position":"center center","background-size":"auto","background-attachment":"scroll","background-type":"","background-media":"","overlay-type":"","overlay-color":"","overlay-opacity":"","overlay-gradient":""}},"footnotes":""},"categories":[38],"tags":[],"class_list":["post-2222","post","type-post","status-publish","format-standard","has-post-thumbnail","hentry","category-noticias"],"aioseo_notices":[],"_links":{"self":[{"href":"https:\/\/galdakaokoalbistegia.es\/index.php\/wp-json\/wp\/v2\/posts\/2222","targetHints":{"allow":["GET"]}}],"collection":[{"href":"https:\/\/galdakaokoalbistegia.es\/index.php\/wp-json\/wp\/v2\/posts"}],"about":[{"href":"https:\/\/galdakaokoalbistegia.es\/index.php\/wp-json\/wp\/v2\/types\/post"}],"author":[{"embeddable":true,"href":"https:\/\/galdakaokoalbistegia.es\/index.php\/wp-json\/wp\/v2\/users\/2"}],"replies":[{"embeddable":true,"href":"https:\/\/galdakaokoalbistegia.es\/index.php\/wp-json\/wp\/v2\/comments?post=2222"}],"version-history":[{"count":0,"href":"https:\/\/galdakaokoalbistegia.es\/index.php\/wp-json\/wp\/v2\/posts\/2222\/revisions"}],"wp:featuredmedia":[{"embeddable":true,"href":"https:\/\/galdakaokoalbistegia.es\/index.php\/wp-json\/wp\/v2\/media\/2366"}],"wp:attachment":[{"href":"https:\/\/galdakaokoalbistegia.es\/index.php\/wp-json\/wp\/v2\/media?parent=2222"}],"wp:term":[{"taxonomy":"category","embeddable":true,"href":"https:\/\/galdakaokoalbistegia.es\/index.php\/wp-json\/wp\/v2\/categories?post=2222"},{"taxonomy":"post_tag","embeddable":true,"href":"https:\/\/galdakaokoalbistegia.es\/index.php\/wp-json\/wp\/v2\/tags?post=2222"}],"curies":[{"name":"wp","href":"https:\/\/api.w.org\/{rel}","templated":true}]}}